{"id":697,"date":"2024-08-21T12:35:44","date_gmt":"2024-08-21T10:35:44","guid":{"rendered":"https:\/\/wipcool.pl\/wipcool-izstade-chillventa-2024-nunberga-8-10-oktobris-hall-8-stends-8-503\/"},"modified":"2024-08-26T14:43:44","modified_gmt":"2024-08-26T12:43:44","slug":"wipcool-izstade-chillventa-2024-nunberga-8-10-oktobris-hall-8-stends-8-503","status":"publish","type":"post","link":"https:\/\/wipcool.pl\/lv\/wipcool-izstade-chillventa-2024-nunberga-8-10-oktobris-hall-8-stends-8-503\/","title":{"rendered":"Wipcool izst\u0101d\u0113 Chillventa 2024 \u0145\u016bnberg\u0101: 8.-10. oktobris \u2013 Hall 8, Stends 8-503"},"content":{"rendered":"<div id=\"ez-toc-container\" class=\"ez-toc-v2_0_82_2 counter-hierarchy ez-toc-counter ez-toc-custom ez-toc-container-direction\">\n<div class=\"ez-toc-title-container\">\n<p class=\"ez-toc-title\" style=\"cursor:inherit\">Spis tre\u015bci<\/p>\n<span class=\"ez-toc-title-toggle\"><\/span><\/div>\n<nav><ul class='ez-toc-list ez-toc-list-level-1 ' ><li class='ez-toc-page-1 ez-toc-heading-level-2'><a class=\"ez-toc-link ez-toc-heading-1\" href=\"https:\/\/wipcool.pl\/lv\/wipcool-izstade-chillventa-2024-nunberga-8-10-oktobris-hall-8-stends-8-503\/#chillventa-2024-%e2%80%93-kas-ir-sis-pasakums\" >Chillventa 2024 \u2013 kas ir \u0161is pas\u0101kums?<\/a><\/li><li class='ez-toc-page-1 ez-toc-heading-level-2'><a class=\"ez-toc-link ez-toc-heading-2\" href=\"https:\/\/wipcool.pl\/lv\/wipcool-izstade-chillventa-2024-nunberga-8-10-oktobris-hall-8-stends-8-503\/#ko-mes-prezentesim-musu-stenda\" >Ko m\u0113s prezent\u0113sim m\u016bsu stend\u0101?<\/a><\/li><li class='ez-toc-page-1 ez-toc-heading-level-2'><a class=\"ez-toc-link ez-toc-heading-3\" href=\"https:\/\/wipcool.pl\/lv\/wipcool-izstade-chillventa-2024-nunberga-8-10-oktobris-hall-8-stends-8-503\/#kapec-verts-apmeklet-musu-stendu\" >K\u0101p\u0113c v\u0113rts apmekl\u0113t m\u016bsu stendu?<\/a><\/li><li class='ez-toc-page-1 ez-toc-heading-level-2'><a class=\"ez-toc-link ez-toc-heading-4\" href=\"https:\/\/wipcool.pl\/lv\/wipcool-izstade-chillventa-2024-nunberga-8-10-oktobris-hall-8-stends-8-503\/#tiksimies-chillventa-2024\" >Tiksimies Chillventa 2024!<\/a><\/li><\/ul><\/nav><\/div>\n\n<h2 class=\"wp-block-heading\"><span class=\"ez-toc-section\" id=\"chillventa-2024-%e2%80%93-kas-ir-sis-pasakums\"><\/span>Chillventa 2024 \u2013 kas ir \u0161is pas\u0101kums?<span class=\"ez-toc-section-end\"><\/span><\/h2>\n\n\n\n<p>Chillventa ir viena no liel\u0101kaj\u0101m starptautiskaj\u0101m izst\u0101d\u0113m, kas velt\u012bta klimata kontroles, ventil\u0101cijas, apkures un dzes\u0113\u0161anas tehnolo\u0123ij\u0101m. T\u0101 ir lieliska iesp\u0113ja iepaz\u012bties ar jaun\u0101kaj\u0101m nozares tendenc\u0113m un inov\u0101cij\u0101m, veidot v\u0113rt\u012bgus biznesa kontaktus un redz\u0113t jaun\u0101kos produktus un tehnolo\u0123iskos risin\u0101jumus.<\/p>\n\n\n\n<p>Wipcool, k\u0101 l\u012bderis kondens\u0101ta p\u0101rvald\u012bbas iek\u0101rtu, HVAC apkopei un HVAC\/R r\u012bku ra\u017eo\u0161an\u0101, izst\u0101d\u0113 prezent\u0113s savus jaun\u0101kos produktus, kas atspogu\u013co m\u016bsu ap\u0146em\u0161anos nodro\u0161in\u0101t visaugst\u0101k\u0101s kvalit\u0101tes risin\u0101jumus profesion\u0101\u013ciem.<\/p>\n\n\n\n<h2 class=\"wp-block-heading\"><span class=\"ez-toc-section\" id=\"ko-mes-prezentesim-musu-stenda\"><\/span>Ko m\u0113s prezent\u0113sim m\u016bsu stend\u0101?<span class=\"ez-toc-section-end\"><\/span><\/h2>\n\n\n\n<p><strong>M\u016bsu stend\u0101 (Hall 8, stends 8-503) apmekl\u0113t\u0101ji var\u0113s apskat\u012bt un izm\u0113\u0123in\u0101t:<\/strong><\/p>\n\n\n\n<ul class=\"wp-block-list\">\n<li><strong>Pasaules l\u012bme\u0146a kondens\u0101ta s\u016bk\u0146i:<\/strong> M\u016bsu jaun\u0101 kompakto un efekt\u012bvo s\u016bk\u0146u l\u012bnija, kas izstr\u0101d\u0101ta, \u0146emot v\u0113r\u0101 da\u017e\u0101d\u0101s klimata kontroles sist\u0113mu vajadz\u012bbas.<\/li>\n\n\n\n<li><strong>Moderni HVAC apkopei paredz\u0113ti r\u012bki:<\/strong> Taj\u0101 skait\u0101 inovat\u012bvi spiediena mazg\u0101t\u0101ji, tvaika \u0123eneratori un citi r\u012bki, kas atvieglo klimata kontroles un dzes\u0113\u0161anas sist\u0113mu uztur\u0113\u0161anu ide\u0101l\u0101 st\u0101vokl\u012b.<\/li>\n\n\n\n<li><strong>Jauni risin\u0101jumi kondens\u0101ta p\u0101rvald\u012bb\u0101:<\/strong> M\u016bsu pionieru tehnolo\u0123ijas, kas pal\u012bdz efekt\u012bvi un bez probl\u0113m\u0101m novad\u012bt kondens\u0101tu no klimata kontroles iek\u0101rt\u0101m, ledusskapjiem un cit\u0101m HVACR ier\u012bc\u0113m.<\/li>\n<\/ul>\n\n\n\n<h2 class=\"wp-block-heading\"><span class=\"ez-toc-section\" id=\"kapec-verts-apmeklet-musu-stendu\"><\/span>K\u0101p\u0113c v\u0113rts apmekl\u0113t m\u016bsu stendu?<span class=\"ez-toc-section-end\"><\/span><\/h2>\n\n\n\n<p>Izst\u0101des laik\u0101 m\u016bsu eksperti b\u016bs pieejami, lai atbild\u0113tu uz visiem jaut\u0101jumiem, sniegtu detaliz\u0113tu inform\u0101ciju par m\u016bsu produktiem un konsult\u0113tu par risin\u0101jumiem, kas vislab\u0101k atbilst j\u016bsu projektiem. Apmekl\u0113jot m\u016bsu stendu, jums b\u016bs unik\u0101la iesp\u0113ja:<\/p>\n\n\n\n<ul class=\"wp-block-list\">\n<li><strong>Redz\u0113t m\u016bsu produktus darb\u012bb\u0101:<\/strong> Izst\u0101des laik\u0101 veiksim dz\u012bv\u0101s demonstr\u0101cijas, lai j\u016bs var\u0113tu pats izm\u0113\u0123in\u0101t m\u016bsu iek\u0101rtas.<\/li>\n\n\n\n<li><strong>P\u0101rrun\u0101t ar ekspertiem:<\/strong> M\u016bsu komanda ar prieku dal\u012bsies ar savu zin\u0101\u0161anu un pieredzi, pal\u012bdzot izv\u0113l\u0113ties piem\u0113rot\u0101kos risin\u0101jumus j\u016bsu vajadz\u012bb\u0101m.<\/li>\n\n\n\n<li><strong>Sa\u0146emt \u012bpa\u0161us pied\u0101v\u0101jumus:<\/strong> Apmekl\u0113t\u0101jiem m\u016bsu stend\u0101 b\u016bs pieejami ekskluz\u012bvi pied\u0101v\u0101jumi un akcijas uz m\u016bsu produktiem.<\/li>\n<\/ul>\n\n\n\n<h2 class=\"wp-block-heading\"><span class=\"ez-toc-section\" id=\"tiksimies-chillventa-2024\"><\/span>Tiksimies Chillventa 2024!<span class=\"ez-toc-section-end\"><\/span><\/h2>\n\n\n\n<p>Ja j\u016bs interes\u0113jaties par jaun\u0101kaj\u0101m tehnolo\u0123ij\u0101m HVACR jom\u0101, j\u016bs nedr\u012bkstat palaist gar\u0101m \u0161o iesp\u0113ju. Apmekl\u0113jiet m\u016bsu stendu <strong>(8. z\u0101le, stends 8-503)<\/strong> Chillventa 2024 izst\u0101d\u0113 Nirnberg\u0101. Gaid\u012bsim j\u016bs no 8. l\u012bdz 10. oktobrim!<\/p>\n\n\n\n<p>M\u0113s nevaram sagaid\u012bt, kad tiksimies ar Jums person\u012bgi un prezent\u0113sim, ko jaunu esam sagatavoju\u0161i HVACR nozarei.<br><\/p>\n\n\n\n<p>Uz tik\u0161anos Nirnberg\u0101!<\/p>\n","protected":false},"excerpt":{"rendered":"<p>Ar prieku pazi\u0146ojam, ka uz\u0146\u0113mums Wipcool piedal\u012bsies vien\u0101 no svar\u012bg\u0101kajiem HVACR nozares pas\u0101kumiem \u2013 izst\u0101d\u0113 Chillventa 2024, kas norisin\u0101sies \u0145\u016bnberg\u0101 no 8. l\u012bdz 10. oktobrim. Aicin\u0101m visus apmekl\u0113t m\u016bsu stendu Hall 8, stends 8-503.<\/p>\n","protected":false},"author":1,"featured_media":7316,"comment_status":"open","ping_status":"open","sticky":false,"template":"","format":"standard","meta":{"_acf_changed":false,"footnotes":""},"categories":[91],"tags":[],"class_list":["post-697","post","type-post","status-publish","format-standard","has-post-thumbnail","hentry","category-wydarzenia-lv"],"acf":[],"yoast_head":"<!-- This site is optimized with the Yoast SEO plugin v25.9 - https:\/\/yoast.com\/wordpress\/plugins\/seo\/ -->\n<title>Wipcool izst\u0101d\u0113 Chillventa 2024 \u0145\u016bnberg\u0101: 8.-10. oktobris \u2013 Hall 8, Stends 8-503 - Wipcool<\/title>\n<meta name=\"robots\" content=\"index, follow, max-snippet:-1, max-image-preview:large, max-video-preview:-1\" \/>\n<link rel=\"canonical\" href=\"https:\/\/wipcool.pl\/wipcool-na-targach-chillventa-2024\/\" \/>\n<meta property=\"og:locale\" content=\"lv_LV\" \/>\n<meta property=\"og:type\" content=\"article\" \/>\n<meta property=\"og:title\" content=\"Wipcool izst\u0101d\u0113 Chillventa 2024 \u0145\u016bnberg\u0101: 8.-10. oktobris \u2013 Hall 8, Stends 8-503 - Wipcool\" \/>\n<meta property=\"og:description\" content=\"Ar prieku pazi\u0146ojam, ka uz\u0146\u0113mums Wipcool piedal\u012bsies vien\u0101 no svar\u012bg\u0101kajiem HVACR nozares pas\u0101kumiem \u2013 izst\u0101d\u0113 Chillventa 2024, kas norisin\u0101sies \u0145\u016bnberg\u0101 no 8. l\u012bdz 10. oktobrim. Aicin\u0101m visus apmekl\u0113t m\u016bsu stendu Hall 8, stends 8-503.\" \/>\n<meta property=\"og:url\" content=\"https:\/\/wipcool.pl\/wipcool-na-targach-chillventa-2024\/\" \/>\n<meta property=\"og:site_name\" content=\"Wipcool\" \/>\n<meta property=\"article:published_time\" content=\"2024-08-21T10:35:44+00:00\" \/>\n<meta property=\"article:modified_time\" content=\"2024-08-26T12:43:44+00:00\" \/>\n<meta name=\"author\" content=\"Adam Abacki\" \/>\n<meta name=\"twitter:card\" content=\"summary_large_image\" \/>\n<meta name=\"twitter:label1\" content=\"Written by\" \/>\n\t<meta name=\"twitter:data1\" content=\"Adam Abacki\" \/>\n\t<meta name=\"twitter:label2\" content=\"Est. reading time\" \/>\n\t<meta name=\"twitter:data2\" content=\"2 minutes\" \/>\n<script type=\"application\/ld+json\" class=\"yoast-schema-graph\">{\"@context\":\"https:\/\/schema.org\",\"@graph\":[{\"@type\":\"WebPage\",\"@id\":\"https:\/\/wipcool.pl\/wipcool-na-targach-chillventa-2024\/\",\"url\":\"https:\/\/wipcool.pl\/wipcool-na-targach-chillventa-2024\/\",\"name\":\"Wipcool izst\u0101d\u0113 Chillventa 2024 \u0145\u016bnberg\u0101: 8.-10. oktobris \u2013 Hall 8, Stends 8-503 - Wipcool\",\"isPartOf\":{\"@id\":\"https:\/\/wipcool.pl\/#website\"},\"primaryImageOfPage\":{\"@id\":\"https:\/\/wipcool.pl\/wipcool-na-targach-chillventa-2024\/#primaryimage\"},\"image\":{\"@id\":\"https:\/\/wipcool.pl\/wipcool-na-targach-chillventa-2024\/#primaryimage\"},\"thumbnailUrl\":\"https:\/\/wipcool.pl\/wp-content\/uploads\/2025\/07\/Logo-Wipcool.png\",\"datePublished\":\"2024-08-21T10:35:44+00:00\",\"dateModified\":\"2024-08-26T12:43:44+00:00\",\"author\":{\"@id\":\"https:\/\/wipcool.pl\/#\/schema\/person\/751b84adf31fbf814999bc4bbbbf5148\"},\"breadcrumb\":{\"@id\":\"https:\/\/wipcool.pl\/wipcool-na-targach-chillventa-2024\/#breadcrumb\"},\"inLanguage\":\"lv-LV\",\"potentialAction\":[{\"@type\":\"ReadAction\",\"target\":[\"https:\/\/wipcool.pl\/wipcool-na-targach-chillventa-2024\/\"]}]},{\"@type\":\"ImageObject\",\"inLanguage\":\"lv-LV\",\"@id\":\"https:\/\/wipcool.pl\/wipcool-na-targach-chillventa-2024\/#primaryimage\",\"url\":\"https:\/\/wipcool.pl\/wp-content\/uploads\/2025\/07\/Logo-Wipcool.png\",\"contentUrl\":\"https:\/\/wipcool.pl\/wp-content\/uploads\/2025\/07\/Logo-Wipcool.png\",\"width\":2000,\"height\":612},{\"@type\":\"BreadcrumbList\",\"@id\":\"https:\/\/wipcool.pl\/wipcool-na-targach-chillventa-2024\/#breadcrumb\",\"itemListElement\":[{\"@type\":\"ListItem\",\"position\":1,\"name\":\"Strona g\u0142\u00f3wna\",\"item\":\"https:\/\/wipcool.pl\/lv\/\"},{\"@type\":\"ListItem\",\"position\":2,\"name\":\"Wipcool izst\u0101d\u0113 Chillventa 2024 \u0145\u016bnberg\u0101: 8.-10. oktobris \u2013 Hall 8, Stends 8-503\"}]},{\"@type\":\"WebSite\",\"@id\":\"https:\/\/wipcool.pl\/#website\",\"url\":\"https:\/\/wipcool.pl\/\",\"name\":\"Wipcool\",\"description\":\"\",\"potentialAction\":[{\"@type\":\"SearchAction\",\"target\":{\"@type\":\"EntryPoint\",\"urlTemplate\":\"https:\/\/wipcool.pl\/?s={search_term_string}\"},\"query-input\":{\"@type\":\"PropertyValueSpecification\",\"valueRequired\":true,\"valueName\":\"search_term_string\"}}],\"inLanguage\":\"lv-LV\"},{\"@type\":\"Person\",\"@id\":\"https:\/\/wipcool.pl\/#\/schema\/person\/751b84adf31fbf814999bc4bbbbf5148\",\"name\":\"Adam Abacki\",\"image\":{\"@type\":\"ImageObject\",\"inLanguage\":\"lv-LV\",\"@id\":\"https:\/\/wipcool.pl\/#\/schema\/person\/image\/\",\"url\":\"https:\/\/secure.gravatar.com\/avatar\/4a332e36e24f7846c81db89bd961a9d222d27a9a24698ac10647215cc51306b8?s=96&d=mm&r=g\",\"contentUrl\":\"https:\/\/secure.gravatar.com\/avatar\/4a332e36e24f7846c81db89bd961a9d222d27a9a24698ac10647215cc51306b8?s=96&d=mm&r=g\",\"caption\":\"Adam Abacki\"},\"sameAs\":[\"https:\/\/wipcool.pl\"],\"url\":\"https:\/\/wipcool.pl\/lv\/author\/marcin\/\"}]}<\/script>\n<!-- \/ Yoast SEO plugin. -->","yoast_head_json":{"title":"Wipcool izst\u0101d\u0113 Chillventa 2024 \u0145\u016bnberg\u0101: 8.-10. oktobris \u2013 Hall 8, Stends 8-503 - Wipcool","robots":{"index":"index","follow":"follow","max-snippet":"max-snippet:-1","max-image-preview":"max-image-preview:large","max-video-preview":"max-video-preview:-1"},"canonical":"https:\/\/wipcool.pl\/wipcool-na-targach-chillventa-2024\/","og_locale":"lv_LV","og_type":"article","og_title":"Wipcool izst\u0101d\u0113 Chillventa 2024 \u0145\u016bnberg\u0101: 8.-10. oktobris \u2013 Hall 8, Stends 8-503 - Wipcool","og_description":"Ar prieku pazi\u0146ojam, ka uz\u0146\u0113mums Wipcool piedal\u012bsies vien\u0101 no svar\u012bg\u0101kajiem HVACR nozares pas\u0101kumiem \u2013 izst\u0101d\u0113 Chillventa 2024, kas norisin\u0101sies \u0145\u016bnberg\u0101 no 8. l\u012bdz 10. oktobrim. Aicin\u0101m visus apmekl\u0113t m\u016bsu stendu Hall 8, stends 8-503.","og_url":"https:\/\/wipcool.pl\/wipcool-na-targach-chillventa-2024\/","og_site_name":"Wipcool","article_published_time":"2024-08-21T10:35:44+00:00","article_modified_time":"2024-08-26T12:43:44+00:00","author":"Adam Abacki","twitter_card":"summary_large_image","twitter_misc":{"Written by":"Adam Abacki","Est. reading time":"2 minutes"},"schema":{"@context":"https:\/\/schema.org","@graph":[{"@type":"WebPage","@id":"https:\/\/wipcool.pl\/wipcool-na-targach-chillventa-2024\/","url":"https:\/\/wipcool.pl\/wipcool-na-targach-chillventa-2024\/","name":"Wipcool izst\u0101d\u0113 Chillventa 2024 \u0145\u016bnberg\u0101: 8.-10. oktobris \u2013 Hall 8, Stends 8-503 - Wipcool","isPartOf":{"@id":"https:\/\/wipcool.pl\/#website"},"primaryImageOfPage":{"@id":"https:\/\/wipcool.pl\/wipcool-na-targach-chillventa-2024\/#primaryimage"},"image":{"@id":"https:\/\/wipcool.pl\/wipcool-na-targach-chillventa-2024\/#primaryimage"},"thumbnailUrl":"https:\/\/wipcool.pl\/wp-content\/uploads\/2025\/07\/Logo-Wipcool.png","datePublished":"2024-08-21T10:35:44+00:00","dateModified":"2024-08-26T12:43:44+00:00","author":{"@id":"https:\/\/wipcool.pl\/#\/schema\/person\/751b84adf31fbf814999bc4bbbbf5148"},"breadcrumb":{"@id":"https:\/\/wipcool.pl\/wipcool-na-targach-chillventa-2024\/#breadcrumb"},"inLanguage":"lv-LV","potentialAction":[{"@type":"ReadAction","target":["https:\/\/wipcool.pl\/wipcool-na-targach-chillventa-2024\/"]}]},{"@type":"ImageObject","inLanguage":"lv-LV","@id":"https:\/\/wipcool.pl\/wipcool-na-targach-chillventa-2024\/#primaryimage","url":"https:\/\/wipcool.pl\/wp-content\/uploads\/2025\/07\/Logo-Wipcool.png","contentUrl":"https:\/\/wipcool.pl\/wp-content\/uploads\/2025\/07\/Logo-Wipcool.png","width":2000,"height":612},{"@type":"BreadcrumbList","@id":"https:\/\/wipcool.pl\/wipcool-na-targach-chillventa-2024\/#breadcrumb","itemListElement":[{"@type":"ListItem","position":1,"name":"Strona g\u0142\u00f3wna","item":"https:\/\/wipcool.pl\/lv\/"},{"@type":"ListItem","position":2,"name":"Wipcool izst\u0101d\u0113 Chillventa 2024 \u0145\u016bnberg\u0101: 8.-10. oktobris \u2013 Hall 8, Stends 8-503"}]},{"@type":"WebSite","@id":"https:\/\/wipcool.pl\/#website","url":"https:\/\/wipcool.pl\/","name":"Wipcool","description":"","potentialAction":[{"@type":"SearchAction","target":{"@type":"EntryPoint","urlTemplate":"https:\/\/wipcool.pl\/?s={search_term_string}"},"query-input":{"@type":"PropertyValueSpecification","valueRequired":true,"valueName":"search_term_string"}}],"inLanguage":"lv-LV"},{"@type":"Person","@id":"https:\/\/wipcool.pl\/#\/schema\/person\/751b84adf31fbf814999bc4bbbbf5148","name":"Adam Abacki","image":{"@type":"ImageObject","inLanguage":"lv-LV","@id":"https:\/\/wipcool.pl\/#\/schema\/person\/image\/","url":"https:\/\/secure.gravatar.com\/avatar\/4a332e36e24f7846c81db89bd961a9d222d27a9a24698ac10647215cc51306b8?s=96&d=mm&r=g","contentUrl":"https:\/\/secure.gravatar.com\/avatar\/4a332e36e24f7846c81db89bd961a9d222d27a9a24698ac10647215cc51306b8?s=96&d=mm&r=g","caption":"Adam Abacki"},"sameAs":["https:\/\/wipcool.pl"],"url":"https:\/\/wipcool.pl\/lv\/author\/marcin\/"}]}},"_links":{"self":[{"href":"https:\/\/wipcool.pl\/lv\/wp-json\/wp\/v2\/posts\/697","targetHints":{"allow":["GET"]}}],"collection":[{"href":"https:\/\/wipcool.pl\/lv\/wp-json\/wp\/v2\/posts"}],"about":[{"href":"https:\/\/wipcool.pl\/lv\/wp-json\/wp\/v2\/types\/post"}],"author":[{"embeddable":true,"href":"https:\/\/wipcool.pl\/lv\/wp-json\/wp\/v2\/users\/1"}],"replies":[{"embeddable":true,"href":"https:\/\/wipcool.pl\/lv\/wp-json\/wp\/v2\/comments?post=697"}],"version-history":[{"count":0,"href":"https:\/\/wipcool.pl\/lv\/wp-json\/wp\/v2\/posts\/697\/revisions"}],"wp:featuredmedia":[{"embeddable":true,"href":"https:\/\/wipcool.pl\/lv\/wp-json\/wp\/v2\/media\/7316"}],"wp:attachment":[{"href":"https:\/\/wipcool.pl\/lv\/wp-json\/wp\/v2\/media?parent=697"}],"wp:term":[{"taxonomy":"category","embeddable":true,"href":"https:\/\/wipcool.pl\/lv\/wp-json\/wp\/v2\/categories?post=697"},{"taxonomy":"post_tag","embeddable":true,"href":"https:\/\/wipcool.pl\/lv\/wp-json\/wp\/v2\/tags?post=697"}],"curies":[{"name":"wp","href":"https:\/\/api.w.org\/{rel}","templated":true}]}}