{"id":970,"date":"2024-08-21T12:35:44","date_gmt":"2024-08-21T10:35:44","guid":{"rendered":"https:\/\/wipcool.pl\/wipcool-dalyvaus-chillventa-2024-parodoje-niurnberge-spalio-8-10-d-8-sale-stendas-8-503\/"},"modified":"2024-08-29T09:44:00","modified_gmt":"2024-08-29T07:44:00","slug":"wipcool-dalyvaus-chillventa-2024-parodoje-niurnberge-spalio-8-10-d-8-sale-stendas-8-503","status":"publish","type":"post","link":"https:\/\/wipcool.pl\/lt\/wipcool-dalyvaus-chillventa-2024-parodoje-niurnberge-spalio-8-10-d-8-sale-stendas-8-503\/","title":{"rendered":"Wipcool dalyvaus \u201eChillventa 2024\u201c parodoje Niurnberge: spalio 8-10 d. &#8211; 8 sal\u0117, stendas 8-503"},"content":{"rendered":"<div id=\"ez-toc-container\" class=\"ez-toc-v2_0_82_2 counter-hierarchy ez-toc-counter ez-toc-custom ez-toc-container-direction\">\n<div class=\"ez-toc-title-container\">\n<p class=\"ez-toc-title\" style=\"cursor:inherit\">Spis tre\u015bci<\/p>\n<span class=\"ez-toc-title-toggle\"><\/span><\/div>\n<nav><ul class='ez-toc-list ez-toc-list-level-1 ' ><li class='ez-toc-page-1 ez-toc-heading-level-2'><a class=\"ez-toc-link ez-toc-heading-1\" href=\"https:\/\/wipcool.pl\/lt\/wipcool-dalyvaus-chillventa-2024-parodoje-niurnberge-spalio-8-10-d-8-sale-stendas-8-503\/#chillventa-2024-%e2%80%93-kas-tai-per-renginys\" >Chillventa 2024 \u2013 kas tai per renginys?<\/a><\/li><li class='ez-toc-page-1 ez-toc-heading-level-2'><a class=\"ez-toc-link ez-toc-heading-2\" href=\"https:\/\/wipcool.pl\/lt\/wipcool-dalyvaus-chillventa-2024-parodoje-niurnberge-spalio-8-10-d-8-sale-stendas-8-503\/#ka-pristatysime-musu-stende\" >K\u0105 pristatysime m\u016bs\u0173 stende?<\/a><\/li><li class='ez-toc-page-1 ez-toc-heading-level-2'><a class=\"ez-toc-link ez-toc-heading-3\" href=\"https:\/\/wipcool.pl\/lt\/wipcool-dalyvaus-chillventa-2024-parodoje-niurnberge-spalio-8-10-d-8-sale-stendas-8-503\/#kodel-verta-mus-aplankyti\" >Kod\u0117l verta mus aplankyti?<\/a><\/li><li class='ez-toc-page-1 ez-toc-heading-level-2'><a class=\"ez-toc-link ez-toc-heading-4\" href=\"https:\/\/wipcool.pl\/lt\/wipcool-dalyvaus-chillventa-2024-parodoje-niurnberge-spalio-8-10-d-8-sale-stendas-8-503\/#susitikime-%e2%80%9echillventa-2024%e2%80%9c\" >Susitikime \u201eChillventa 2024\u201c!<\/a><\/li><\/ul><\/nav><\/div>\n\n<h2 class=\"wp-block-heading\"><span class=\"ez-toc-section\" id=\"chillventa-2024-%e2%80%93-kas-tai-per-renginys\"><\/span>Chillventa 2024 \u2013 kas tai per renginys?<span class=\"ez-toc-section-end\"><\/span><\/h2>\n\n\n\n<p>Chillventa \u2013 tai vienos did\u017eiausi\u0173 tarptautini\u0173 parod\u0173, skirt\u0173 oro kondicionavimo, ventiliacijos, \u0161ildymo ir \u0161aldymo technologijoms. Tai puiki proga susipa\u017einti su naujausiomis tendencijomis ir inovacijomis HVACR srityje, u\u017emegzti vertingus verslo kontaktus bei i\u0161 arti pamatyti naujausius produktus ir technologinius sprendimus.<\/p>\n\n\n\n<p>Wipcool, kaip lyderis kondensato valdymo \u012frengini\u0173, HVAC prie\u017ei\u016bros ir HVAC\/R \u012franki\u0173 gamybos srityje, parodoje pristatys savo naujausius produktus, atspindin\u010dius m\u016bs\u0173 \u012fsipareigojim\u0105 teikti auk\u0161\u010diausios kokyb\u0117s sprendimus profesionalams.<\/p>\n\n\n\n<h2 class=\"wp-block-heading\"><span class=\"ez-toc-section\" id=\"ka-pristatysime-musu-stende\"><\/span>K\u0105 pristatysime m\u016bs\u0173 stende?<span class=\"ez-toc-section-end\"><\/span><\/h2>\n\n\n\n<p>M\u016bs\u0173 stende (8 sal\u0117, 8-503 stendas) lankytojai gal\u0117s pamatyti ir i\u0161bandyti:<\/p>\n\n\n\n<ul class=\"wp-block-list\">\n<li><strong>Naujausi kondensato siurbliai:<\/strong> M\u016bs\u0173 nauja kompakti\u0161k\u0173 ir efektyvi\u0173 siurbli\u0173 linija, sukurta atsi\u017evelgiant \u012f \u012fvairius oro kondicionavimo sistem\u0173 montavimo poreikius.<\/li>\n\n\n\n<li><strong>Pa\u017eang\u016bs HVAC prie\u017ei\u016bros \u012frankiai:<\/strong> \u012eskaitant inovatyvias auk\u0161to sl\u0117gio plovykles, garo valytuvus ir kitus prietaisus, kurie padeda i\u0161laikyti oro kondicionierius ir \u0161aldymo sistemas puikios b\u016bkl\u0117s.<\/li>\n\n\n\n<li><strong>Nauji kondensato valdymo sprendimai:<\/strong> M\u016bs\u0173 novatori\u0161kos technologijos, padedan\u010dios efektyviai ir skland\u017eiai pa\u0161alinti kondensat\u0105 i\u0161 oro kondicionieri\u0173, \u0161aldytuv\u0173 ir kit\u0173 HVACR \u012frengini\u0173.<\/li>\n<\/ul>\n\n\n\n<h2 class=\"wp-block-heading\"><span class=\"ez-toc-section\" id=\"kodel-verta-mus-aplankyti\"><\/span>Kod\u0117l verta mus aplankyti?<span class=\"ez-toc-section-end\"><\/span><\/h2>\n\n\n\n<p>Parodos metu m\u016bs\u0173 ekspertai bus pasiruo\u0161\u0119 atsakyti \u012f visus j\u016bs\u0173 klausimus, suteikti i\u0161sami\u0105 informacij\u0105 apie m\u016bs\u0173 produktus ir patarti, kurie sprendimai geriausiai tiks j\u016bs\u0173 projektams. Apsilank\u0119 m\u016bs\u0173 stende tur\u0117site unikali\u0105 galimyb\u0119:<\/p>\n\n\n\n<ul class=\"wp-block-list\">\n<li><strong>Pamatyti m\u016bs\u0173 produktus veiksmuose:<\/strong> Parodos metu atliksime gyvas demonstracijas, kuriose gal\u0117site patys i\u0161bandyti m\u016bs\u0173 \u012frenginius.<\/li>\n\n\n\n<li><strong>Pasikalb\u0117ti su ekspertais:<\/strong> M\u016bs\u0173 komanda mielai pasidalins savo \u017einiomis ir patirtimi, pad\u0117dama pasirinkti tinkamus sprendimus pagal j\u016bs\u0173 poreikius.<\/li>\n\n\n\n<li><strong>Gauti specialius pasi\u016blymus:<\/strong> Apsilank\u0119 m\u016bs\u0173 stende gausite i\u0161skirtinius pasi\u016blymus ir akcijas m\u016bs\u0173 produktams.<\/li>\n<\/ul>\n\n\n\n<h2 class=\"wp-block-heading\"><span class=\"ez-toc-section\" id=\"susitikime-%e2%80%9echillventa-2024%e2%80%9c\"><\/span>Susitikime \u201eChillventa 2024\u201c!<span class=\"ez-toc-section-end\"><\/span><\/h2>\n\n\n\n<p>Jei domit\u0117s naujausiomis HVACR technologijomis, negalite praleisti \u0161ios galimyb\u0117s. Apsilankykite m\u016bs\u0173 stende (8 sal\u0117, 8-503 stendas) per \u201eChillventa 2024\u201c parod\u0105 Niurnberge. Laukiame j\u016bs\u0173 spalio 8-10 dienomis!<\/p>\n\n\n\n<p>Negalime sulaukti, kada gal\u0117sime susitikti su jumis asmeni\u0161kai ir parodyti, k\u0105 naujo paruo\u0161\u0117me HVACR pramonei.<\/p>\n\n\n\n<p>Iki pasimatymo Niurnberge!<\/p>\n","protected":false},"excerpt":{"rendered":"<p>D\u017eiaugiam\u0117s prane\u0161dami, kad Wipcool dalyvaus viename i\u0161 svarbiausi\u0173 HVACR pramon\u0117s rengini\u0173 \u2013 \u201eChillventa 2024\u201c parodoje, kuri vyks Niurnberge spalio 8\u201310 dienomis. Kvie\u010diame visus apsilankyti m\u016bs\u0173 stende 8 sal\u0117je, 8-503 stendo numeriu.  <\/p>\n","protected":false},"author":1,"featured_media":7317,"comment_status":"open","ping_status":"open","sticky":false,"template":"","format":"standard","meta":{"_acf_changed":false,"footnotes":""},"categories":[95],"tags":[],"class_list":["post-970","post","type-post","status-publish","format-standard","has-post-thumbnail","hentry","category-renginiai"],"acf":[],"yoast_head":"<!-- This site is optimized with the Yoast SEO plugin v25.9 - https:\/\/yoast.com\/wordpress\/plugins\/seo\/ -->\n<title>Wipcool dalyvaus \u201eChillventa 2024\u201c parodoje Niurnberge: spalio 8-10 d. - 8 sal\u0117, stendas 8-503 - Wipcool<\/title>\n<meta name=\"robots\" content=\"index, follow, max-snippet:-1, max-image-preview:large, max-video-preview:-1\" \/>\n<link rel=\"canonical\" href=\"https:\/\/wipcool.pl\/wipcool-na-targach-chillventa-2024\/\" \/>\n<meta property=\"og:locale\" content=\"lt_LT\" \/>\n<meta property=\"og:type\" content=\"article\" \/>\n<meta property=\"og:title\" content=\"Wipcool dalyvaus \u201eChillventa 2024\u201c parodoje Niurnberge: spalio 8-10 d. - 8 sal\u0117, stendas 8-503 - Wipcool\" \/>\n<meta property=\"og:description\" content=\"D\u017eiaugiam\u0117s prane\u0161dami, kad Wipcool dalyvaus viename i\u0161 svarbiausi\u0173 HVACR pramon\u0117s rengini\u0173 \u2013 \u201eChillventa 2024\u201c parodoje, kuri vyks Niurnberge spalio 8\u201310 dienomis. Kvie\u010diame visus apsilankyti m\u016bs\u0173 stende 8 sal\u0117je, 8-503 stendo numeriu.\" \/>\n<meta property=\"og:url\" content=\"https:\/\/wipcool.pl\/wipcool-na-targach-chillventa-2024\/\" \/>\n<meta property=\"og:site_name\" content=\"Wipcool\" \/>\n<meta property=\"article:published_time\" content=\"2024-08-21T10:35:44+00:00\" \/>\n<meta property=\"article:modified_time\" content=\"2024-08-29T07:44:00+00:00\" \/>\n<meta name=\"author\" content=\"Adam Abacki\" \/>\n<meta name=\"twitter:card\" content=\"summary_large_image\" \/>\n<meta name=\"twitter:label1\" content=\"Written by\" \/>\n\t<meta name=\"twitter:data1\" content=\"Adam Abacki\" \/>\n\t<meta name=\"twitter:label2\" content=\"Est. reading time\" \/>\n\t<meta name=\"twitter:data2\" content=\"2 minut\u0117s\" \/>\n<script type=\"application\/ld+json\" class=\"yoast-schema-graph\">{\"@context\":\"https:\/\/schema.org\",\"@graph\":[{\"@type\":\"WebPage\",\"@id\":\"https:\/\/wipcool.pl\/wipcool-na-targach-chillventa-2024\/\",\"url\":\"https:\/\/wipcool.pl\/wipcool-na-targach-chillventa-2024\/\",\"name\":\"Wipcool dalyvaus \u201eChillventa 2024\u201c parodoje Niurnberge: spalio 8-10 d. - 8 sal\u0117, stendas 8-503 - Wipcool\",\"isPartOf\":{\"@id\":\"https:\/\/wipcool.pl\/#website\"},\"primaryImageOfPage\":{\"@id\":\"https:\/\/wipcool.pl\/wipcool-na-targach-chillventa-2024\/#primaryimage\"},\"image\":{\"@id\":\"https:\/\/wipcool.pl\/wipcool-na-targach-chillventa-2024\/#primaryimage\"},\"thumbnailUrl\":\"https:\/\/wipcool.pl\/wp-content\/uploads\/2025\/07\/Logo-Wipcool.png\",\"datePublished\":\"2024-08-21T10:35:44+00:00\",\"dateModified\":\"2024-08-29T07:44:00+00:00\",\"author\":{\"@id\":\"https:\/\/wipcool.pl\/#\/schema\/person\/751b84adf31fbf814999bc4bbbbf5148\"},\"breadcrumb\":{\"@id\":\"https:\/\/wipcool.pl\/wipcool-na-targach-chillventa-2024\/#breadcrumb\"},\"inLanguage\":\"lt-LT\",\"potentialAction\":[{\"@type\":\"ReadAction\",\"target\":[\"https:\/\/wipcool.pl\/wipcool-na-targach-chillventa-2024\/\"]}]},{\"@type\":\"ImageObject\",\"inLanguage\":\"lt-LT\",\"@id\":\"https:\/\/wipcool.pl\/wipcool-na-targach-chillventa-2024\/#primaryimage\",\"url\":\"https:\/\/wipcool.pl\/wp-content\/uploads\/2025\/07\/Logo-Wipcool.png\",\"contentUrl\":\"https:\/\/wipcool.pl\/wp-content\/uploads\/2025\/07\/Logo-Wipcool.png\",\"width\":2000,\"height\":612},{\"@type\":\"BreadcrumbList\",\"@id\":\"https:\/\/wipcool.pl\/wipcool-na-targach-chillventa-2024\/#breadcrumb\",\"itemListElement\":[{\"@type\":\"ListItem\",\"position\":1,\"name\":\"Strona g\u0142\u00f3wna\",\"item\":\"https:\/\/wipcool.pl\/lt\/\"},{\"@type\":\"ListItem\",\"position\":2,\"name\":\"Wipcool dalyvaus \u201eChillventa 2024\u201c parodoje Niurnberge: spalio 8-10 d. &#8211; 8 sal\u0117, stendas 8-503\"}]},{\"@type\":\"WebSite\",\"@id\":\"https:\/\/wipcool.pl\/#website\",\"url\":\"https:\/\/wipcool.pl\/\",\"name\":\"Wipcool\",\"description\":\"\",\"potentialAction\":[{\"@type\":\"SearchAction\",\"target\":{\"@type\":\"EntryPoint\",\"urlTemplate\":\"https:\/\/wipcool.pl\/?s={search_term_string}\"},\"query-input\":{\"@type\":\"PropertyValueSpecification\",\"valueRequired\":true,\"valueName\":\"search_term_string\"}}],\"inLanguage\":\"lt-LT\"},{\"@type\":\"Person\",\"@id\":\"https:\/\/wipcool.pl\/#\/schema\/person\/751b84adf31fbf814999bc4bbbbf5148\",\"name\":\"Adam Abacki\",\"image\":{\"@type\":\"ImageObject\",\"inLanguage\":\"lt-LT\",\"@id\":\"https:\/\/wipcool.pl\/#\/schema\/person\/image\/\",\"url\":\"https:\/\/secure.gravatar.com\/avatar\/4a332e36e24f7846c81db89bd961a9d222d27a9a24698ac10647215cc51306b8?s=96&d=mm&r=g\",\"contentUrl\":\"https:\/\/secure.gravatar.com\/avatar\/4a332e36e24f7846c81db89bd961a9d222d27a9a24698ac10647215cc51306b8?s=96&d=mm&r=g\",\"caption\":\"Adam Abacki\"},\"sameAs\":[\"https:\/\/wipcool.pl\"],\"url\":\"https:\/\/wipcool.pl\/lt\/author\/marcin\/\"}]}<\/script>\n<!-- \/ Yoast SEO plugin. -->","yoast_head_json":{"title":"Wipcool dalyvaus \u201eChillventa 2024\u201c parodoje Niurnberge: spalio 8-10 d. - 8 sal\u0117, stendas 8-503 - Wipcool","robots":{"index":"index","follow":"follow","max-snippet":"max-snippet:-1","max-image-preview":"max-image-preview:large","max-video-preview":"max-video-preview:-1"},"canonical":"https:\/\/wipcool.pl\/wipcool-na-targach-chillventa-2024\/","og_locale":"lt_LT","og_type":"article","og_title":"Wipcool dalyvaus \u201eChillventa 2024\u201c parodoje Niurnberge: spalio 8-10 d. - 8 sal\u0117, stendas 8-503 - Wipcool","og_description":"D\u017eiaugiam\u0117s prane\u0161dami, kad Wipcool dalyvaus viename i\u0161 svarbiausi\u0173 HVACR pramon\u0117s rengini\u0173 \u2013 \u201eChillventa 2024\u201c parodoje, kuri vyks Niurnberge spalio 8\u201310 dienomis. Kvie\u010diame visus apsilankyti m\u016bs\u0173 stende 8 sal\u0117je, 8-503 stendo numeriu.","og_url":"https:\/\/wipcool.pl\/wipcool-na-targach-chillventa-2024\/","og_site_name":"Wipcool","article_published_time":"2024-08-21T10:35:44+00:00","article_modified_time":"2024-08-29T07:44:00+00:00","author":"Adam Abacki","twitter_card":"summary_large_image","twitter_misc":{"Written by":"Adam Abacki","Est. reading time":"2 minut\u0117s"},"schema":{"@context":"https:\/\/schema.org","@graph":[{"@type":"WebPage","@id":"https:\/\/wipcool.pl\/wipcool-na-targach-chillventa-2024\/","url":"https:\/\/wipcool.pl\/wipcool-na-targach-chillventa-2024\/","name":"Wipcool dalyvaus \u201eChillventa 2024\u201c parodoje Niurnberge: spalio 8-10 d. - 8 sal\u0117, stendas 8-503 - Wipcool","isPartOf":{"@id":"https:\/\/wipcool.pl\/#website"},"primaryImageOfPage":{"@id":"https:\/\/wipcool.pl\/wipcool-na-targach-chillventa-2024\/#primaryimage"},"image":{"@id":"https:\/\/wipcool.pl\/wipcool-na-targach-chillventa-2024\/#primaryimage"},"thumbnailUrl":"https:\/\/wipcool.pl\/wp-content\/uploads\/2025\/07\/Logo-Wipcool.png","datePublished":"2024-08-21T10:35:44+00:00","dateModified":"2024-08-29T07:44:00+00:00","author":{"@id":"https:\/\/wipcool.pl\/#\/schema\/person\/751b84adf31fbf814999bc4bbbbf5148"},"breadcrumb":{"@id":"https:\/\/wipcool.pl\/wipcool-na-targach-chillventa-2024\/#breadcrumb"},"inLanguage":"lt-LT","potentialAction":[{"@type":"ReadAction","target":["https:\/\/wipcool.pl\/wipcool-na-targach-chillventa-2024\/"]}]},{"@type":"ImageObject","inLanguage":"lt-LT","@id":"https:\/\/wipcool.pl\/wipcool-na-targach-chillventa-2024\/#primaryimage","url":"https:\/\/wipcool.pl\/wp-content\/uploads\/2025\/07\/Logo-Wipcool.png","contentUrl":"https:\/\/wipcool.pl\/wp-content\/uploads\/2025\/07\/Logo-Wipcool.png","width":2000,"height":612},{"@type":"BreadcrumbList","@id":"https:\/\/wipcool.pl\/wipcool-na-targach-chillventa-2024\/#breadcrumb","itemListElement":[{"@type":"ListItem","position":1,"name":"Strona g\u0142\u00f3wna","item":"https:\/\/wipcool.pl\/lt\/"},{"@type":"ListItem","position":2,"name":"Wipcool dalyvaus \u201eChillventa 2024\u201c parodoje Niurnberge: spalio 8-10 d. &#8211; 8 sal\u0117, stendas 8-503"}]},{"@type":"WebSite","@id":"https:\/\/wipcool.pl\/#website","url":"https:\/\/wipcool.pl\/","name":"Wipcool","description":"","potentialAction":[{"@type":"SearchAction","target":{"@type":"EntryPoint","urlTemplate":"https:\/\/wipcool.pl\/?s={search_term_string}"},"query-input":{"@type":"PropertyValueSpecification","valueRequired":true,"valueName":"search_term_string"}}],"inLanguage":"lt-LT"},{"@type":"Person","@id":"https:\/\/wipcool.pl\/#\/schema\/person\/751b84adf31fbf814999bc4bbbbf5148","name":"Adam Abacki","image":{"@type":"ImageObject","inLanguage":"lt-LT","@id":"https:\/\/wipcool.pl\/#\/schema\/person\/image\/","url":"https:\/\/secure.gravatar.com\/avatar\/4a332e36e24f7846c81db89bd961a9d222d27a9a24698ac10647215cc51306b8?s=96&d=mm&r=g","contentUrl":"https:\/\/secure.gravatar.com\/avatar\/4a332e36e24f7846c81db89bd961a9d222d27a9a24698ac10647215cc51306b8?s=96&d=mm&r=g","caption":"Adam Abacki"},"sameAs":["https:\/\/wipcool.pl"],"url":"https:\/\/wipcool.pl\/lt\/author\/marcin\/"}]}},"_links":{"self":[{"href":"https:\/\/wipcool.pl\/lt\/wp-json\/wp\/v2\/posts\/970","targetHints":{"allow":["GET"]}}],"collection":[{"href":"https:\/\/wipcool.pl\/lt\/wp-json\/wp\/v2\/posts"}],"about":[{"href":"https:\/\/wipcool.pl\/lt\/wp-json\/wp\/v2\/types\/post"}],"author":[{"embeddable":true,"href":"https:\/\/wipcool.pl\/lt\/wp-json\/wp\/v2\/users\/1"}],"replies":[{"embeddable":true,"href":"https:\/\/wipcool.pl\/lt\/wp-json\/wp\/v2\/comments?post=970"}],"version-history":[{"count":0,"href":"https:\/\/wipcool.pl\/lt\/wp-json\/wp\/v2\/posts\/970\/revisions"}],"wp:featuredmedia":[{"embeddable":true,"href":"https:\/\/wipcool.pl\/lt\/wp-json\/wp\/v2\/media\/7317"}],"wp:attachment":[{"href":"https:\/\/wipcool.pl\/lt\/wp-json\/wp\/v2\/media?parent=970"}],"wp:term":[{"taxonomy":"category","embeddable":true,"href":"https:\/\/wipcool.pl\/lt\/wp-json\/wp\/v2\/categories?post=970"},{"taxonomy":"post_tag","embeddable":true,"href":"https:\/\/wipcool.pl\/lt\/wp-json\/wp\/v2\/tags?post=970"}],"curies":[{"name":"wp","href":"https:\/\/api.w.org\/{rel}","templated":true}]}}