{"id":985,"date":"2024-08-21T12:35:44","date_gmt":"2024-08-21T10:35:44","guid":{"rendered":"https:\/\/wipcool.pl\/wipcool-na-veletrhu-chillventa-2024-v-norimberku-8-10-rijna-hal-8-stanek-8-503\/"},"modified":"2024-08-29T14:51:05","modified_gmt":"2024-08-29T12:51:05","slug":"wipcool-na-veletrhu-chillventa-2024-v-norimberku-8-10-rijna-hal-8-stanek-8-503","status":"publish","type":"post","link":"https:\/\/wipcool.pl\/cs\/wipcool-na-veletrhu-chillventa-2024-v-norimberku-8-10-rijna-hal-8-stanek-8-503\/","title":{"rendered":"Wipcool na veletrhu Chillventa 2024 v Norimberku: 8.-10. \u0159\u00edjna &#8211; Hal 8, st\u00e1nek 8-503"},"content":{"rendered":"<div id=\"ez-toc-container\" class=\"ez-toc-v2_0_82_2 counter-hierarchy ez-toc-counter ez-toc-custom ez-toc-container-direction\">\n<div class=\"ez-toc-title-container\">\n<p class=\"ez-toc-title\" style=\"cursor:inherit\">Spis tre\u015bci<\/p>\n<span class=\"ez-toc-title-toggle\"><\/span><\/div>\n<nav><ul class='ez-toc-list ez-toc-list-level-1 ' ><li class='ez-toc-page-1 ez-toc-heading-level-2'><a class=\"ez-toc-link ez-toc-heading-1\" href=\"https:\/\/wipcool.pl\/cs\/wipcool-na-veletrhu-chillventa-2024-v-norimberku-8-10-rijna-hal-8-stanek-8-503\/#chillventa-2024-%e2%80%93-co-je-to-za-udalost\" >Chillventa 2024 \u2013 co je to za ud\u00e1lost?<\/a><\/li><li class='ez-toc-page-1 ez-toc-heading-level-2'><a class=\"ez-toc-link ez-toc-heading-2\" href=\"https:\/\/wipcool.pl\/cs\/wipcool-na-veletrhu-chillventa-2024-v-norimberku-8-10-rijna-hal-8-stanek-8-503\/#co-na-nasem-stanku-predstavime\" >Co na na\u0161em st\u00e1nku p\u0159edstav\u00edme?<\/a><\/li><li class='ez-toc-page-1 ez-toc-heading-level-2'><a class=\"ez-toc-link ez-toc-heading-3\" href=\"https:\/\/wipcool.pl\/cs\/wipcool-na-veletrhu-chillventa-2024-v-norimberku-8-10-rijna-hal-8-stanek-8-503\/#proc-nas-navstivit\" >Pro\u010d n\u00e1s nav\u0161t\u00edvit?<\/a><\/li><li class='ez-toc-page-1 ez-toc-heading-level-2'><a class=\"ez-toc-link ez-toc-heading-4\" href=\"https:\/\/wipcool.pl\/cs\/wipcool-na-veletrhu-chillventa-2024-v-norimberku-8-10-rijna-hal-8-stanek-8-503\/#setkejme-se-na-chillventa-2024\" >Setkejme se na Chillventa 2024!<\/a><\/li><\/ul><\/nav><\/div>\n\n<h2 class=\"wp-block-heading\"><span class=\"ez-toc-section\" id=\"chillventa-2024-%e2%80%93-co-je-to-za-udalost\"><\/span>Chillventa 2024 \u2013 co je to za ud\u00e1lost?<span class=\"ez-toc-section-end\"><\/span><\/h2>\n\n\n\n<p>Chillventa je jedn\u00edm z nejv\u011bt\u0161\u00edch mezin\u00e1rodn\u00edch veletrh\u016f v\u011bnovan\u00fdch klimatizaci, ventilaci, topen\u00ed a chladic\u00edm technologi\u00edm. Je to vynikaj\u00edc\u00ed p\u0159\u00edle\u017eitost se sezn\u00e1mit s nejnov\u011bj\u0161\u00edmi trendy a inovacemi v oblasti HVACR, nav\u00e1zat cenn\u00e9 obchodn\u00ed kontakty a vid\u011bt na vlastn\u00ed o\u010di nejnov\u011bj\u0161\u00ed produkty a technologick\u00e1 \u0159e\u0161en\u00ed.<\/p>\n\n\n\n<p>Spole\u010dnost Wipcool, jako l\u00eddr v oblasti v\u00fdroby za\u0159\u00edzen\u00ed na spr\u00e1vu kondenz\u00e1tu, \u00fadr\u017ebu HVAC a n\u00e1stroj\u016f HVAC\/R, na veletrhu p\u0159edstav\u00ed sv\u00e9 nejnov\u011bj\u0161\u00ed produkty, kter\u00e9 odr\u00e1\u017eej\u00ed na\u0161e odhodl\u00e1n\u00ed poskytovat nejvy\u0161\u0161\u00ed kvalitu \u0159e\u0161en\u00ed pro profesion\u00e1ly.<\/p>\n\n\n\n<h2 class=\"wp-block-heading\"><span class=\"ez-toc-section\" id=\"co-na-nasem-stanku-predstavime\"><\/span>Co na na\u0161em st\u00e1nku p\u0159edstav\u00edme?<span class=\"ez-toc-section-end\"><\/span><\/h2>\n\n\n\n<p>Na na\u0161em st\u00e1nku (Hala 8, St\u00e1nek 8-503) budou n\u00e1v\u0161t\u011bvn\u00edci moci vid\u011bt a vyzkou\u0161et:<\/p>\n\n\n\n<ul class=\"wp-block-list\">\n<li><strong>Nejmodern\u011bj\u0161\u00ed kondenz\u00e1torov\u00e1 \u010derpadla:<\/strong> Na\u0161e nov\u00e1 \u0159ada kompaktn\u00edch a v\u00fdkonn\u00fdch \u010derpadel, navr\u017een\u00fdch s ohledem na r\u016fzn\u00e9 pot\u0159eby klimatiza\u010dn\u00edch instalac\u00ed.<\/li>\n\n\n\n<li><strong>Pokro\u010dil\u00e9 n\u00e1stroje pro \u00fadr\u017ebu HVAC:<\/strong> Mezi n\u011b pat\u0159\u00ed inovativn\u00ed tlakov\u00e9 my\u010dky, parn\u00ed \u010disti\u010de a dal\u0161\u00ed za\u0159\u00edzen\u00ed, kter\u00e1 usnad\u0148uj\u00ed \u00fadr\u017ebu klimatiza\u010dn\u00edch jednotek a chladic\u00edch syst\u00e9m\u016f v perfektn\u00edm stavu.<\/li>\n\n\n\n<li><strong>Nov\u00e1 \u0159e\u0161en\u00ed v managementu kondenz\u00e1tu:<\/strong> Na\u0161e pr\u016flomov\u00e9 technologie, kter\u00e9 pom\u00e1haj\u00ed efektivn\u011b a bezprobl\u00e9mov\u011b odv\u00e1d\u011bt kondenz\u00e1t z klimatizac\u00ed, chladni\u010dek a dal\u0161\u00edch za\u0159\u00edzen\u00ed HVACR.<\/li>\n<\/ul>\n\n\n\n<h2 class=\"wp-block-heading\"><span class=\"ez-toc-section\" id=\"proc-nas-navstivit\"><\/span>Pro\u010d n\u00e1s nav\u0161t\u00edvit?<span class=\"ez-toc-section-end\"><\/span><\/h2>\n\n\n\n<p>B\u011bhem veletrhu budou na\u0161i odborn\u00edci k dispozici, aby odpov\u011bd\u011bli na v\u0161echny va\u0161e ot\u00e1zky, poskytli podrobn\u00e9 informace o na\u0161ich produktech a poradili, kter\u00e1 \u0159e\u0161en\u00ed nejl\u00e9pe vyhovuj\u00ed va\u0161im projekt\u016fm. N\u00e1v\u0161t\u011bvou na\u0161eho st\u00e1nku z\u00edsk\u00e1te jedine\u010dnou p\u0159\u00edle\u017eitost:<\/p>\n\n\n\n<ul class=\"wp-block-list\">\n<li><strong>Uvid\u00edte na\u0161e produkty v akci:<\/strong> Na m\u00edst\u011b budeme prov\u00e1d\u011bt \u017eiv\u00e9 demonstrace, d\u00edky nim\u017e si budete moci sami vyzkou\u0161et na\u0161e za\u0159\u00edzen\u00ed.<\/li>\n\n\n\n<li><strong>Pov\u00eddat si s odborn\u00edky:<\/strong> N\u00e1\u0161 t\u00fdm se r\u00e1d pod\u011bl\u00ed o sv\u00e9 znalosti a zku\u0161enosti a pom\u016f\u017ee v\u00e1m vybrat spr\u00e1vn\u00e1 \u0159e\u0161en\u00ed pro va\u0161e pot\u0159eby.<\/li>\n\n\n\n<li><strong>Z\u00edskat speci\u00e1ln\u00ed nab\u00eddky:<\/strong> Pro n\u00e1v\u0161t\u011bvn\u00edky na\u0161eho st\u00e1nku jsme p\u0159ipravili exkluzivn\u00ed nab\u00eddky a akce na na\u0161e produkty.<\/li>\n<\/ul>\n\n\n\n<h2 class=\"wp-block-heading\"><span class=\"ez-toc-section\" id=\"setkejme-se-na-chillventa-2024\"><\/span>Setkejme se na Chillventa 2024!<span class=\"ez-toc-section-end\"><\/span><\/h2>\n\n\n\n<p>Pokud m\u00e1te z\u00e1jem o nejnov\u011bj\u0161\u00ed technologie v oblasti HVACR, tuto p\u0159\u00edle\u017eitost si nem\u016f\u017eete nechat uj\u00edt. Nav\u0161tivte n\u00e1\u0161 st\u00e1nek (Hala 8, St\u00e1nek 8-503) b\u011bhem veletrhu Chillventa 2024 v Norimberku. T\u011b\u0161\u00edme se na v\u00e1s od 8. do 10. \u0159\u00edjna!<\/p>\n\n\n\n<p>Nem\u016f\u017eeme se do\u010dkat, a\u017e se s v\u00e1mi osobn\u011b setk\u00e1me a p\u0159edstav\u00edme v\u00e1m novinky, kter\u00e9 jsme p\u0159ipravili pro oblast HVACR.<\/p>\n\n\n\n<p>Na vid\u011bnou v Norimberku!<\/p>\n","protected":false},"excerpt":{"rendered":"<p>S radost\u00ed oznamujeme, \u017ee firma Wipcool se z\u00fa\u010dastn\u00ed jednoho z nejd\u016fle\u017eit\u011bj\u0161\u00edch ud\u00e1lost\u00ed v oboru HVACR \u2013 veletrhu Chillventa 2024, kter\u00fd se kon\u00e1 v Norimberku ve dnech 8.\u201310. \u0159\u00edjna. Srde\u010dn\u011b v\u00e1s zveme k n\u00e1v\u0161t\u011bv\u011b na\u0161eho st\u00e1nku v Hale 8, st\u00e1nek \u010d. 8-503.  <\/p>\n","protected":false},"author":1,"featured_media":7313,"comment_status":"open","ping_status":"open","sticky":false,"template":"","format":"standard","meta":{"_acf_changed":false,"footnotes":""},"categories":[98],"tags":[],"class_list":["post-985","post","type-post","status-publish","format-standard","has-post-thumbnail","hentry","category-udalosti"],"acf":[],"yoast_head":"<!-- This site is optimized with the Yoast SEO plugin v25.9 - https:\/\/yoast.com\/wordpress\/plugins\/seo\/ -->\n<title>Wipcool na veletrhu Chillventa 2024 v Norimberku: 8.-10. \u0159\u00edjna - Hal 8, st\u00e1nek 8-503 - Wipcool<\/title>\n<meta name=\"robots\" content=\"index, follow, max-snippet:-1, max-image-preview:large, max-video-preview:-1\" \/>\n<link rel=\"canonical\" href=\"https:\/\/wipcool.pl\/wipcool-na-targach-chillventa-2024\/\" \/>\n<meta property=\"og:locale\" content=\"cs_CZ\" \/>\n<meta property=\"og:type\" content=\"article\" \/>\n<meta property=\"og:title\" content=\"Wipcool na veletrhu Chillventa 2024 v Norimberku: 8.-10. \u0159\u00edjna - Hal 8, st\u00e1nek 8-503 - Wipcool\" \/>\n<meta property=\"og:description\" content=\"S radost\u00ed oznamujeme, \u017ee firma Wipcool se z\u00fa\u010dastn\u00ed jednoho z nejd\u016fle\u017eit\u011bj\u0161\u00edch ud\u00e1lost\u00ed v oboru HVACR \u2013 veletrhu Chillventa 2024, kter\u00fd se kon\u00e1 v Norimberku ve dnech 8.\u201310. \u0159\u00edjna. Srde\u010dn\u011b v\u00e1s zveme k n\u00e1v\u0161t\u011bv\u011b na\u0161eho st\u00e1nku v Hale 8, st\u00e1nek \u010d. 8-503.\" \/>\n<meta property=\"og:url\" content=\"https:\/\/wipcool.pl\/wipcool-na-targach-chillventa-2024\/\" \/>\n<meta property=\"og:site_name\" content=\"Wipcool\" \/>\n<meta property=\"article:published_time\" content=\"2024-08-21T10:35:44+00:00\" \/>\n<meta property=\"article:modified_time\" content=\"2024-08-29T12:51:05+00:00\" \/>\n<meta name=\"author\" content=\"Adam Abacki\" \/>\n<meta name=\"twitter:card\" content=\"summary_large_image\" \/>\n<meta name=\"twitter:label1\" content=\"Napsal(a)\" \/>\n\t<meta name=\"twitter:data1\" content=\"Adam Abacki\" \/>\n\t<meta name=\"twitter:label2\" content=\"Odhadovan\u00e1 doba \u010dten\u00ed\" \/>\n\t<meta name=\"twitter:data2\" content=\"2 minuty\" \/>\n<script type=\"application\/ld+json\" class=\"yoast-schema-graph\">{\"@context\":\"https:\/\/schema.org\",\"@graph\":[{\"@type\":\"WebPage\",\"@id\":\"https:\/\/wipcool.pl\/wipcool-na-targach-chillventa-2024\/\",\"url\":\"https:\/\/wipcool.pl\/wipcool-na-targach-chillventa-2024\/\",\"name\":\"Wipcool na veletrhu Chillventa 2024 v Norimberku: 8.-10. \u0159\u00edjna - Hal 8, st\u00e1nek 8-503 - Wipcool\",\"isPartOf\":{\"@id\":\"https:\/\/wipcool.pl\/#website\"},\"primaryImageOfPage\":{\"@id\":\"https:\/\/wipcool.pl\/wipcool-na-targach-chillventa-2024\/#primaryimage\"},\"image\":{\"@id\":\"https:\/\/wipcool.pl\/wipcool-na-targach-chillventa-2024\/#primaryimage\"},\"thumbnailUrl\":\"https:\/\/wipcool.pl\/wp-content\/uploads\/2025\/07\/Logo-Wipcool.png\",\"datePublished\":\"2024-08-21T10:35:44+00:00\",\"dateModified\":\"2024-08-29T12:51:05+00:00\",\"author\":{\"@id\":\"https:\/\/wipcool.pl\/#\/schema\/person\/751b84adf31fbf814999bc4bbbbf5148\"},\"breadcrumb\":{\"@id\":\"https:\/\/wipcool.pl\/wipcool-na-targach-chillventa-2024\/#breadcrumb\"},\"inLanguage\":\"cs\",\"potentialAction\":[{\"@type\":\"ReadAction\",\"target\":[\"https:\/\/wipcool.pl\/wipcool-na-targach-chillventa-2024\/\"]}]},{\"@type\":\"ImageObject\",\"inLanguage\":\"cs\",\"@id\":\"https:\/\/wipcool.pl\/wipcool-na-targach-chillventa-2024\/#primaryimage\",\"url\":\"https:\/\/wipcool.pl\/wp-content\/uploads\/2025\/07\/Logo-Wipcool.png\",\"contentUrl\":\"https:\/\/wipcool.pl\/wp-content\/uploads\/2025\/07\/Logo-Wipcool.png\",\"width\":2000,\"height\":612},{\"@type\":\"BreadcrumbList\",\"@id\":\"https:\/\/wipcool.pl\/wipcool-na-targach-chillventa-2024\/#breadcrumb\",\"itemListElement\":[{\"@type\":\"ListItem\",\"position\":1,\"name\":\"Strona g\u0142\u00f3wna\",\"item\":\"https:\/\/wipcool.pl\/cs\/\"},{\"@type\":\"ListItem\",\"position\":2,\"name\":\"Wipcool na veletrhu Chillventa 2024 v Norimberku: 8.-10. \u0159\u00edjna &#8211; Hal 8, st\u00e1nek 8-503\"}]},{\"@type\":\"WebSite\",\"@id\":\"https:\/\/wipcool.pl\/#website\",\"url\":\"https:\/\/wipcool.pl\/\",\"name\":\"Wipcool\",\"description\":\"\",\"potentialAction\":[{\"@type\":\"SearchAction\",\"target\":{\"@type\":\"EntryPoint\",\"urlTemplate\":\"https:\/\/wipcool.pl\/?s={search_term_string}\"},\"query-input\":{\"@type\":\"PropertyValueSpecification\",\"valueRequired\":true,\"valueName\":\"search_term_string\"}}],\"inLanguage\":\"cs\"},{\"@type\":\"Person\",\"@id\":\"https:\/\/wipcool.pl\/#\/schema\/person\/751b84adf31fbf814999bc4bbbbf5148\",\"name\":\"Adam Abacki\",\"image\":{\"@type\":\"ImageObject\",\"inLanguage\":\"cs\",\"@id\":\"https:\/\/wipcool.pl\/#\/schema\/person\/image\/\",\"url\":\"https:\/\/secure.gravatar.com\/avatar\/4a332e36e24f7846c81db89bd961a9d222d27a9a24698ac10647215cc51306b8?s=96&d=mm&r=g\",\"contentUrl\":\"https:\/\/secure.gravatar.com\/avatar\/4a332e36e24f7846c81db89bd961a9d222d27a9a24698ac10647215cc51306b8?s=96&d=mm&r=g\",\"caption\":\"Adam Abacki\"},\"sameAs\":[\"https:\/\/wipcool.pl\"],\"url\":\"https:\/\/wipcool.pl\/cs\/author\/marcin\/\"}]}<\/script>\n<!-- \/ Yoast SEO plugin. -->","yoast_head_json":{"title":"Wipcool na veletrhu Chillventa 2024 v Norimberku: 8.-10. \u0159\u00edjna - Hal 8, st\u00e1nek 8-503 - Wipcool","robots":{"index":"index","follow":"follow","max-snippet":"max-snippet:-1","max-image-preview":"max-image-preview:large","max-video-preview":"max-video-preview:-1"},"canonical":"https:\/\/wipcool.pl\/wipcool-na-targach-chillventa-2024\/","og_locale":"cs_CZ","og_type":"article","og_title":"Wipcool na veletrhu Chillventa 2024 v Norimberku: 8.-10. \u0159\u00edjna - Hal 8, st\u00e1nek 8-503 - Wipcool","og_description":"S radost\u00ed oznamujeme, \u017ee firma Wipcool se z\u00fa\u010dastn\u00ed jednoho z nejd\u016fle\u017eit\u011bj\u0161\u00edch ud\u00e1lost\u00ed v oboru HVACR \u2013 veletrhu Chillventa 2024, kter\u00fd se kon\u00e1 v Norimberku ve dnech 8.\u201310. \u0159\u00edjna. Srde\u010dn\u011b v\u00e1s zveme k n\u00e1v\u0161t\u011bv\u011b na\u0161eho st\u00e1nku v Hale 8, st\u00e1nek \u010d. 8-503.","og_url":"https:\/\/wipcool.pl\/wipcool-na-targach-chillventa-2024\/","og_site_name":"Wipcool","article_published_time":"2024-08-21T10:35:44+00:00","article_modified_time":"2024-08-29T12:51:05+00:00","author":"Adam Abacki","twitter_card":"summary_large_image","twitter_misc":{"Napsal(a)":"Adam Abacki","Odhadovan\u00e1 doba \u010dten\u00ed":"2 minuty"},"schema":{"@context":"https:\/\/schema.org","@graph":[{"@type":"WebPage","@id":"https:\/\/wipcool.pl\/wipcool-na-targach-chillventa-2024\/","url":"https:\/\/wipcool.pl\/wipcool-na-targach-chillventa-2024\/","name":"Wipcool na veletrhu Chillventa 2024 v Norimberku: 8.-10. \u0159\u00edjna - Hal 8, st\u00e1nek 8-503 - Wipcool","isPartOf":{"@id":"https:\/\/wipcool.pl\/#website"},"primaryImageOfPage":{"@id":"https:\/\/wipcool.pl\/wipcool-na-targach-chillventa-2024\/#primaryimage"},"image":{"@id":"https:\/\/wipcool.pl\/wipcool-na-targach-chillventa-2024\/#primaryimage"},"thumbnailUrl":"https:\/\/wipcool.pl\/wp-content\/uploads\/2025\/07\/Logo-Wipcool.png","datePublished":"2024-08-21T10:35:44+00:00","dateModified":"2024-08-29T12:51:05+00:00","author":{"@id":"https:\/\/wipcool.pl\/#\/schema\/person\/751b84adf31fbf814999bc4bbbbf5148"},"breadcrumb":{"@id":"https:\/\/wipcool.pl\/wipcool-na-targach-chillventa-2024\/#breadcrumb"},"inLanguage":"cs","potentialAction":[{"@type":"ReadAction","target":["https:\/\/wipcool.pl\/wipcool-na-targach-chillventa-2024\/"]}]},{"@type":"ImageObject","inLanguage":"cs","@id":"https:\/\/wipcool.pl\/wipcool-na-targach-chillventa-2024\/#primaryimage","url":"https:\/\/wipcool.pl\/wp-content\/uploads\/2025\/07\/Logo-Wipcool.png","contentUrl":"https:\/\/wipcool.pl\/wp-content\/uploads\/2025\/07\/Logo-Wipcool.png","width":2000,"height":612},{"@type":"BreadcrumbList","@id":"https:\/\/wipcool.pl\/wipcool-na-targach-chillventa-2024\/#breadcrumb","itemListElement":[{"@type":"ListItem","position":1,"name":"Strona g\u0142\u00f3wna","item":"https:\/\/wipcool.pl\/cs\/"},{"@type":"ListItem","position":2,"name":"Wipcool na veletrhu Chillventa 2024 v Norimberku: 8.-10. \u0159\u00edjna &#8211; Hal 8, st\u00e1nek 8-503"}]},{"@type":"WebSite","@id":"https:\/\/wipcool.pl\/#website","url":"https:\/\/wipcool.pl\/","name":"Wipcool","description":"","potentialAction":[{"@type":"SearchAction","target":{"@type":"EntryPoint","urlTemplate":"https:\/\/wipcool.pl\/?s={search_term_string}"},"query-input":{"@type":"PropertyValueSpecification","valueRequired":true,"valueName":"search_term_string"}}],"inLanguage":"cs"},{"@type":"Person","@id":"https:\/\/wipcool.pl\/#\/schema\/person\/751b84adf31fbf814999bc4bbbbf5148","name":"Adam Abacki","image":{"@type":"ImageObject","inLanguage":"cs","@id":"https:\/\/wipcool.pl\/#\/schema\/person\/image\/","url":"https:\/\/secure.gravatar.com\/avatar\/4a332e36e24f7846c81db89bd961a9d222d27a9a24698ac10647215cc51306b8?s=96&d=mm&r=g","contentUrl":"https:\/\/secure.gravatar.com\/avatar\/4a332e36e24f7846c81db89bd961a9d222d27a9a24698ac10647215cc51306b8?s=96&d=mm&r=g","caption":"Adam Abacki"},"sameAs":["https:\/\/wipcool.pl"],"url":"https:\/\/wipcool.pl\/cs\/author\/marcin\/"}]}},"_links":{"self":[{"href":"https:\/\/wipcool.pl\/cs\/wp-json\/wp\/v2\/posts\/985","targetHints":{"allow":["GET"]}}],"collection":[{"href":"https:\/\/wipcool.pl\/cs\/wp-json\/wp\/v2\/posts"}],"about":[{"href":"https:\/\/wipcool.pl\/cs\/wp-json\/wp\/v2\/types\/post"}],"author":[{"embeddable":true,"href":"https:\/\/wipcool.pl\/cs\/wp-json\/wp\/v2\/users\/1"}],"replies":[{"embeddable":true,"href":"https:\/\/wipcool.pl\/cs\/wp-json\/wp\/v2\/comments?post=985"}],"version-history":[{"count":0,"href":"https:\/\/wipcool.pl\/cs\/wp-json\/wp\/v2\/posts\/985\/revisions"}],"wp:featuredmedia":[{"embeddable":true,"href":"https:\/\/wipcool.pl\/cs\/wp-json\/wp\/v2\/media\/7313"}],"wp:attachment":[{"href":"https:\/\/wipcool.pl\/cs\/wp-json\/wp\/v2\/media?parent=985"}],"wp:term":[{"taxonomy":"category","embeddable":true,"href":"https:\/\/wipcool.pl\/cs\/wp-json\/wp\/v2\/categories?post=985"},{"taxonomy":"post_tag","embeddable":true,"href":"https:\/\/wipcool.pl\/cs\/wp-json\/wp\/v2\/tags?post=985"}],"curies":[{"name":"wp","href":"https:\/\/api.w.org\/{rel}","templated":true}]}}